{"id":17821,"__str__":"Veto PARCIAL \u00e0 Proposi\u00e7\u00e3o de Lei n\u00ba 5 de 2025","link_detail_backend":"/materia/17821","metadata":{},"numero":5,"ano":2025,"numero_protocolo":2700,"data_apresentacao":"2025-10-03","tipo_apresentacao":"E","data_publicacao":"2025-10-03","numero_origem_externa":"","ano_origem_externa":null,"data_origem_externa":null,"apelido":"","dias_prazo":null,"data_fim_prazo":null,"em_tramitacao":false,"polemica":false,"objeto":"","complementar":false,"ementa":"PMC/GAB/228/2025 - Raz\u00f5es de Veto \u00e0 Proposi\u00e7\u00e3o de Lei n\u00b0 46/2025 de autoria nobre do Vereador Rodrigo Silva Mendes, que ''Instituiu a Semana Municipal de Conscientiza\u00e7\u00e3o e Apoio \u00e0s Pessoas com Doen\u00e7as Raras no Munic\u00edpio de Congonhas/MG e d\u00e1 outras provid\u00eancias''.","indexacao":"PMC/GAB/228/2025 - Raz\u00f5es de Veto \u00e0 Proposi\u00e7\u00e3o de Lei n\u00b0 46/2025 de autoria nobre do Vereador Rodrigo Silva Mendes, que ''Instituiu a Semana Municipal de Conscientiza\u00e7\u00e3o e Apoio \u00e0s Pessoas com Doen\u00e7as Raras no Munic\u00edpio de Congonhas/MG e d\u00e1 outras provid\u00eancias''.","observacao":"","resultado":"","texto_original":"http://sapl.congonhas.mg.leg.br/media/sapl/public/materialegislativa/2025/17821/razoes_de_veto_parcial_a_proposicao_de_lei_n46_2025001.pdf","data_ultima_atualizacao":"2026-04-23T16:22:12.907659-03:00","ip":"186.248.153.98","ultima_edicao":"2025-10-03T14:55:12.146492-03:00","tipo":12,"regime_tramitacao":1,"tipo_origem_externa":null,"local_origem_externa":null,"user":76,"anexadas":[],"autores":[179]}