{"id":18728,"__str__":"Indica\u00e7\u00e3o n\u00ba 45 de 2026","link_detail_backend":"/materia/18728","metadata":{},"numero":45,"ano":2026,"numero_protocolo":277,"data_apresentacao":"2026-02-09","tipo_apresentacao":"E","data_publicacao":"2026-02-09","numero_origem_externa":"","ano_origem_externa":null,"data_origem_externa":null,"apelido":"","dias_prazo":null,"data_fim_prazo":null,"em_tramitacao":true,"polemica":false,"objeto":"","complementar":false,"ementa":"Indica ao Executivo que encaminhe a esta Casa Legislativa o Projeto de Lei dispondo sobre a cria\u00e7\u00e3o do cargo de Psicopedagogas para a atua\u00e7\u00e3o nas unidades da Rede Municipal de Ensino.","indexacao":"Indica ao Executivo que encaminhe a esta Casa Legislativa o Projeto de Lei dispondo sobre a cria\u00e7\u00e3o do cargo de Psicopedagogas para a atua\u00e7\u00e3o nas unidades da Rede Municipal de Ensino.","observacao":"","resultado":"","texto_original":"http://sapl.congonhas.mg.leg.br/media/sapl/public/materialegislativa/2026/18728/indicacao_45_2026001.pdf","data_ultima_atualizacao":"2026-02-11T11:46:40.442512-03:00","ip":"186.248.153.98","ultima_edicao":"2026-02-09T14:05:31.994004-03:00","tipo":8,"regime_tramitacao":1,"tipo_origem_externa":null,"local_origem_externa":null,"user":88,"anexadas":[],"autores":[175]}